{"id":17282,"date":"2025-08-07T18:17:38","date_gmt":"2025-08-07T17:17:38","guid":{"rendered":"https:\/\/miguelstanley.com\/no-half-smiles-porque-e-que-a-medicina-dentaria-deve-regressar-aos-cuidados-de-saude\/"},"modified":"2025-08-08T19:00:48","modified_gmt":"2025-08-08T18:00:48","slug":"no-half-smiles-porque-e-que-a-medicina-dentaria-deve-regressar-aos-cuidados-de-saude","status":"publish","type":"post","link":"https:\/\/miguelstanley.com\/pt-pt\/no-half-smiles-porque-e-que-a-medicina-dentaria-deve-regressar-aos-cuidados-de-saude\/","title":{"rendered":"No Half Smiles: Porque \u00e9 que a medicina dent\u00e1ria deve regressar aos cuidados de sa\u00fade"},"content":{"rendered":"\t\t<div data-elementor-type=\"wp-post\" data-elementor-id=\"17282\" class=\"elementor elementor-17282 elementor-17246\" data-elementor-post-type=\"post\">\n\t\t\t\t<div class=\"elementor-element elementor-element-13f4b92 e-flex e-con-boxed e-con e-parent\" data-id=\"13f4b92\" data-element_type=\"container\">\n\t\t\t\t\t<div class=\"e-con-inner\">\n\t\t<div class=\"elementor-element elementor-element-85fd7ce e-con-full e-flex e-con e-child\" data-id=\"85fd7ce\" data-element_type=\"container\">\n\t\t\t\t<div class=\"elementor-element elementor-element-2528f46 elementor-widget elementor-widget-heading\" data-id=\"2528f46\" data-element_type=\"widget\" data-widget_type=\"heading.default\">\n\t\t\t\t<div class=\"elementor-widget-container\">\n\t\t\t\t\t<h2 class=\"elementor-heading-title elementor-size-default\">Quando criei a frase \"No Half Smiles\" h\u00e1 quase 20 anos, n\u00e3o se tratava de facetas ou branqueamento - tratava-se de \u00e9tica.\n\n\n<\/h2>\t\t\t\t<\/div>\n\t\t\t\t<\/div>\n\t\t\t\t<div class=\"elementor-element elementor-element-9471e00 blogpost-text elementor-widget elementor-widget-text-editor\" data-id=\"9471e00\" data-element_type=\"widget\" data-widget_type=\"text-editor.default\">\n\t\t\t\t<div class=\"elementor-widget-container\">\n\t\t\t\t\t\t\t\t\t<div class=\"article-main__content\" data-test-id=\"publishing-text-block\"><p><span class=\"\">Tratava-se de recusar fazer medicina dent\u00e1ria que s\u00f3 tem bom aspecto \u00e0 superf\u00edcie, ignorando a doen\u00e7a subjacente. Tratava-se de rejeitar a ideia de que os dentistas deveriam simplesmente fazer o que os pacientes pedem, em vez de fazer o que eles precisam clinicamente. E tratava-se de devolver a dignidade a uma profiss\u00e3o que, em muitas partes do mundo, foi reduzida a uma mec\u00e2nica dent\u00e1ria transacional. <\/span><\/p><\/div><div class=\"article-main__content\" data-test-id=\"publishing-text-block\"><p><span class=\"\">Se \u00e9 dentista e est\u00e1 a ler isto, pergunto-lhe:<\/span><\/p><\/div><div class=\"article-main__content\" data-test-id=\"publishing-text-block\"><p><span class=\"\">Quando \u00e9 que deix\u00e1mos de ser m\u00e9dicos?<\/span><\/p><\/div><div class=\"article-main__content\" data-test-id=\"publishing-text-block\"><h3><span class=\"\">Imagine isto na medicina<\/span><\/h3><\/div><div class=\"article-main__content\" data-test-id=\"publishing-text-block\"><p><span class=\"\">Um paciente entra no consult\u00f3rio de um cardiologista. Precisa de um bypass triplo. Em vez disso, diz: <\/span><\/p><\/div><div class=\"article-main__content\" data-test-id=\"publishing-text-block\"><p><span class=\"italic\">&#8220;Doutor, estou com um or\u00e7amento limitado \u2013 pode tratar apenas da art\u00e9ria que est\u00e1 realmente bloqueada? Eu trato das outras mais tarde.&#8221;<\/span><\/p><\/div><div class=\"article-main__content\" data-test-id=\"publishing-text-block\"><p><span class=\"\">O cardiologista recusar-se-ia. N\u00e3o seria \u00e9tico. Seria perigoso. Il\u00f3gico. <\/span><\/p><\/div><div class=\"article-main__content\" data-test-id=\"publishing-text-block\"><p><span class=\"\">Ou imagine uma mulher que vai ao oncologista. Foi-lhe diagnosticado um cancro da mama em ambos os lobos. Diz: <\/span><\/p><\/div><div class=\"article-main__content\" data-test-id=\"publishing-text-block\"><p><span class=\"italic\">&#8220;Tenho um casamento para a semana. Podemos tratar apenas o esquerdo? O direito ainda n\u00e3o d\u00f3i.&#8221;<\/span><\/p><\/div><div class=\"article-main__content\" data-test-id=\"publishing-text-block\"><p><span class=\"\">Nenhum m\u00e9dico concordaria. O cancro n\u00e3o se importa com a agenda dela. <\/span><\/p><\/div><div class=\"article-main__content\" data-test-id=\"publishing-text-block\"><p><span class=\"\">Mas em medicina dent\u00e1ria? Isto acontece todos os dias. <\/span><\/p><\/div><div class=\"article-main__content\" data-test-id=\"publishing-text-block\"><p><span class=\"\">Os pacientes chegam com abcessos, canais radiculares que n\u00e3o funcionam, infec\u00e7\u00f5es sist\u00e9micas e uma mordida em colapso \u2013 e dizem, <\/span><span class=\"italic\">&#8220;Pode s\u00f3 arranjar o dente da frente? N\u00e3o gosto do aspecto que tem&#8221;.<\/span><\/p><\/div><div class=\"article-main__content\" data-test-id=\"publishing-text-block\"><p><span class=\"\">E o dentista, com medo de perder o paciente (e o rendimento), diz que sim.<\/span><\/p><\/div><div class=\"article-main__content\" data-test-id=\"publishing-text-block\"><blockquote class=\"w-auto\"><p><span class=\"\">Isto <\/span><span class=\"font-[700]\">n\u00e3o s\u00e3o<\/span><span class=\"\"> cuidados de sa\u00fade.<\/span><\/p><\/blockquote><\/div><div class=\"article-main__content\" data-test-id=\"publishing-text-block\"><blockquote class=\"w-auto\"><p><span class=\"\">Isto <\/span><span class=\"font-[700]\">n\u00e3o \u00e9<\/span><span class=\"\"> \u00e9tico.<\/span><\/p><\/blockquote><\/div><div class=\"article-main__content\" data-test-id=\"publishing-text-block\"><blockquote class=\"w-auto\"><p><span class=\"\">Isto <\/span><span class=\"font-[700]\">n\u00e3o \u00e9<\/span><span class=\"\"> medicina dent\u00e1ria.<\/span><\/p><\/blockquote><\/div><div class=\"article-main__content\" data-test-id=\"publishing-text-block\"><h3><span class=\"\">O dentista como curador \u2013 n\u00e3o como t\u00e9cnico<\/span><\/h3><\/div><div class=\"article-main__content\" data-test-id=\"publishing-text-block\"><p><span class=\"\">Uma boca saud\u00e1vel \u00e9 a base da sa\u00fade sist\u00e9mica.<\/span><\/p><\/div><div class=\"article-main__content\" data-test-id=\"publishing-text-block\"><p><span class=\"\">E, no entanto, na maioria dos hospitais actuais, um exame completo do corpo n\u00e3o inclui sequer um exame dent\u00e1rio.<\/span><\/p><\/div><div class=\"article-main__content\" data-test-id=\"publishing-text-block\"><p><span class=\"\">Fazem um exame ao cora\u00e7\u00e3o, aos pulm\u00f5es, analisam o sangue e testam as hormonas. Mas ningu\u00e9m verifica o microbioma oral, o maxilar, os canais radiculares ou a oclus\u00e3o. E, no entanto, h\u00e1 mais de 30 anos que a investiga\u00e7\u00e3o tem mostrado liga\u00e7\u00f5es claras entre a doen\u00e7a periodontal e o risco cardiovascular, a neuroinflama\u00e7\u00e3o, a carga autoimune e at\u00e9 problemas de sono e de fertilidade. <\/span><\/p><\/div><div class=\"article-main__content\" data-test-id=\"publishing-text-block\"><blockquote class=\"w-auto\"><p><span class=\"\">A medicina dent\u00e1ria foi exilada dos cuidados de sa\u00fade gerais \u2013 e os dentistas deixaram que isso acontecesse.<\/span><\/p><\/blockquote><\/div><div class=\"article-main__content\" data-test-id=\"publishing-text-block\"><h3><span class=\"\">No Half Smiles: uma filosofia de tratamento<\/span><\/h3><\/div><div class=\"article-main__content\" data-test-id=\"publishing-text-block\"><p><span class=\"\">A filosofia <\/span><span class=\"font-[700]\">No Half Smiles<\/span><span class=\"\"> baseia-se numa ideia simples, mas poderosa:<\/span><\/p><\/div><div class=\"article-main__content\" data-test-id=\"publishing-text-block\"><blockquote class=\"w-auto\"><p><span class=\"font-[700]\">Nunca fa\u00e7a o que o paciente quer at\u00e9 ter explicado completamente o que precisa.<\/span><\/p><\/blockquote><\/div><div class=\"article-main__content\" data-test-id=\"publishing-text-block\"><p><span class=\"\">N\u00e3o faz mal se o paciente n\u00e3o puder pagar tudo de imediato. Mas o que n\u00e3o est\u00e1 certo \u00e9 ignorar a patologia s\u00f3 para fazer um dente &#8220;parecer bem&#8221;. Se o seu tratamento n\u00e3o come\u00e7a com o diagn\u00f3stico \u2013 se n\u00e3o d\u00e1 prioridade \u00e0 biologia e \u00e0 fun\u00e7\u00e3o a longo prazo \u2013 ent\u00e3o n\u00e3o est\u00e1 a prestar cuidados de sa\u00fade. Est\u00e1 a decorar a disfun\u00e7\u00e3o. <\/span><\/p><\/div><div class=\"article-main__content\" data-test-id=\"publishing-text-block\"><p><span class=\"\">Na minha cl\u00ednica, a <a href=\"https:\/\/whiteclinic.pt\/pt-pt\/\">White Clinic<\/a> em Lisboa, Portugal, dividimos cada plano de tratamento em tr\u00eas dom\u00ednios:<\/span><\/p><\/div><div class=\"article-main__content\" data-test-id=\"publishing-text-block\"><p><span class=\"\">1. <\/span><span class=\"font-[700]\">Biol\u00f3gico<\/span><span class=\"\"> \u2013 infec\u00e7\u00f5es, quistos, doen\u00e7as das gengivas, les\u00f5es \u00f3sseas, materiais t\u00f3xicos<\/span><\/p><\/div><div class=\"article-main__content\" data-test-id=\"publishing-text-block\"><p><span class=\"\">2. <\/span><span class=\"font-[700]\">Mec\u00e2nica\/Funcional<\/span><span class=\"\"> \u2013 oclus\u00e3o, falta de dentes, problemas ortod\u00f4nticos<\/span><\/p><\/div><div class=\"article-main__content\" data-test-id=\"publishing-text-block\"><p><span class=\"\">3. <\/span><span class=\"font-[700]\">Est\u00e9tica<\/span><span class=\"\"> \u2013 alinhamento, cor, forma, desenho do sorriso<\/span><\/p><\/div><div class=\"article-main__content\" data-test-id=\"publishing-text-block\"><p><span class=\"\">Tratamos sempre por essa ordem. Porque a beleza sem a biologia \u00e9 uma mentira. H\u00e1 d\u00e9cadas que \u00e9 assim. <\/span><\/p><\/div><div class=\"article-main__content\" data-test-id=\"publishing-text-block\"><p><span class=\"\">J\u00e1 recusei tratar pacientes que se recusavam a tratar infec\u00e7\u00f5es mas insistiam em facetas est\u00e9ticas. E sim, alguns foram para outro lado. Mas muitos voltaram \u2013 porque, no fundo, sabiam que n\u00e3o est\u00e1vamos a vender um servi\u00e7o. Est\u00e1vamos a oferecer uma cura. <\/span><\/p><\/div><div class=\"article-main__content\" data-test-id=\"publishing-text-block\"><h3 data-test-id=\"pulse-publishing-h1\"><span class=\"\">A medicina dent\u00e1ria n\u00e3o \u00e9 um mercado<\/span><\/h3><\/div><div class=\"article-main__content\" data-test-id=\"publishing-text-block\"><p><span class=\"\">Qual \u00e9 o problema? Muitas cl\u00ednicas funcionam actualmente como mercados. <\/span><\/p><\/div><div class=\"article-main__content\" data-test-id=\"publishing-text-block\"><p><span class=\"\">Os pacientes entram, apontam para o que querem e esperam sair com o que querem \u2013 como se estivessem a encomendar de um menu.<\/span><\/p><\/div><div class=\"article-main__content\" data-test-id=\"publishing-text-block\"><p><span class=\"\">Mas n\u00e3o est\u00e1 a comprar uma mala de m\u00e3o. Est\u00e1 a confiar a sua sa\u00fade sist\u00e9mica a algu\u00e9m treinado para compreender o que est\u00e1 por baixo da superf\u00edcie \u2013 infec\u00e7\u00f5es que ainda n\u00e3o doem, les\u00f5es \u00f3sseas invis\u00edveis ao olho nu, canais radiculares que parecem bem num raio-X, mas que abrigam bact\u00e9rias patog\u00e9nicas. <\/span><\/p><\/div><div class=\"article-main__content\" data-test-id=\"publishing-text-block\"><blockquote class=\"w-auto\"><p><span class=\"\">A medicina dent\u00e1ria n\u00e3o \u00e9 um produto de consumo.<\/span><\/p><\/blockquote><\/div><div class=\"article-main__content\" data-test-id=\"publishing-text-block\"><p><span class=\"\">\u00c9 por isso que na White Clinic, todos os pacientes s\u00e3o submetidos a um exame completo de CBCT 3D, a um teste de saliva a-MMP8 (uma enzima presente na saliva quando h\u00e1 muita degrada\u00e7\u00e3o do colag\u00e9nio devido a uma sa\u00fade comprometida), bem como a um teste de Vit D. Relembro que a vitamina D \u00e9 fundamental para a remodela\u00e7\u00e3o \u00f3ssea e que os dentes est\u00e3o incrustados no osso e queremos que este esteja o mais saud\u00e1vel poss\u00edvel. N\u00e3o vendemos, educamos. <\/span><\/p><\/div><div class=\"article-main__content\" data-test-id=\"publishing-text-block\"><blockquote class=\"w-auto\"><p><span class=\"\">E dizemos <\/span><span class=\"font-[700]\">n\u00e3o<\/span><span class=\"\"> quando necess\u00e1rio.<\/span><\/p><\/blockquote><\/div><div class=\"article-main__content\" data-test-id=\"publishing-text-block\"><p><span class=\"\">O nosso neg\u00f3cio n\u00e3o \u00e9 tratar um dente de cada vez. O nosso neg\u00f3cio \u00e9 a <\/span><span class=\"font-[700]\">reabilita\u00e7\u00e3o oral completa<\/span><span class=\"\">.<\/span><\/p><\/div><div class=\"article-main__content\" data-test-id=\"publishing-text-block\"><p><span class=\"\">Porque \u00e9 a\u00ed que vive a sa\u00fade.<\/span><\/p><\/div><div class=\"article-main__content\" data-test-id=\"publishing-text-block\"><h3 data-test-id=\"pulse-publishing-h1\"><span class=\"\">O custo de dizer sim<\/span><\/h3><\/div><div class=\"article-main__content\" data-test-id=\"publishing-text-block\"><p><span class=\"\">H\u00e1 uns anos, tratei uma figura p\u00fablica poderosa que veio c\u00e1 para uma pequena obtura\u00e7\u00e3o. Reparei que havia um quisto escondido no dente adjacente e avisei-o. Ele encolheu os ombros \u2013 <\/span><span class=\"italic\">&#8220;N\u00e3o d\u00f3i nada. Faz s\u00f3 o que eu pedi.&#8221;<\/span><\/p><\/div><div class=\"article-main__content\" data-test-id=\"publishing-text-block\"><p><span class=\"\">Meses depois, num jantar de alto n\u00edvel, mordeu algo e gritou de dor. Em frente a 80 pessoas, disse a brincar, <\/span><span class=\"italic\">&#8220;Stanley, \u00e9s um p\u00e9ssimo dentista!&#8221;<\/span><span class=\"\"> \u2013 assumindo que era o dente que eu tinha tratado. N\u00e3o era. Era aquele de que o avisei. <\/span><\/p><\/div><div class=\"article-main__content\" data-test-id=\"publishing-text-block\"><p><span class=\"\">Perdi credibilidade naquela sala. Perdi confian\u00e7a. Provavelmente perdi futuros pacientes. <\/span><\/p><\/div><div class=\"article-main__content\" data-test-id=\"publishing-text-block\"><p><span class=\"\">E apercebi-me: nunca farei apenas o que me pedem<\/span><span class=\"font-[700]\">, <\/span><span class=\"\">ou<\/span><span class=\"font-[700]\"> &#8220;meia medicina dent\u00e1ria&#8221; <\/span><span class=\"\">outra vez<\/span><span class=\"font-[700]\">.<\/span><\/p><\/div><div class=\"article-main__content\" data-test-id=\"publishing-text-block\"><h3 data-test-id=\"pulse-publishing-h1\"><span class=\"\">A medicina dent\u00e1ria merece mais<\/span><\/h3><\/div><div class=\"article-main__content\" data-test-id=\"publishing-text-block\"><p><span class=\"\">Precisamos de trazer a medicina dent\u00e1ria de volta \u00e0 conversa sobre cuidados de sa\u00fade.<\/span><\/p><\/div><div class=\"article-main__content\" data-test-id=\"publishing-text-block\"><p><span class=\"\">Come\u00e7a por n\u00f3s.<\/span><\/p><\/div><div class=\"article-main__content\" data-test-id=\"publishing-text-block\"><p><span class=\"\">Significa:<\/span><\/p><\/div><div class=\"article-main__content\" data-test-id=\"publishing-text-block\"><ul><li><span class=\"\">Fazer um diagn\u00f3stico completo e n\u00e3o adivinhar<\/span><\/li><li><span class=\"\">Apresentar planos de tratamento completos \u2013 mesmo que o paciente diga n\u00e3o<\/span><\/li><li><span class=\"\">Dar prioridade \u00e0 biologia, depois \u00e0 fun\u00e7\u00e3o e depois \u00e0 est\u00e9tica<\/span><\/li><li><span class=\"\">Dizer n\u00e3o quando os pacientes pedem atalhos<\/span><\/li><li><span class=\"\">Assinar um consentimento informado quando s\u00e3o feitas ced\u00eancias<\/span><\/li><\/ul><\/div><div class=\"article-main__content\" data-test-id=\"publishing-text-block\"><blockquote class=\"w-auto\"><p><span class=\"\">N\u00e3o se trata de elitismo. Trata-se de \u00e9tica e de pr\u00e1tica baseada em evid\u00eancias. <\/span><\/p><\/blockquote><\/div><div class=\"article-main__content\" data-test-id=\"publishing-text-block\"><p><span class=\"\">Se um paciente tem 10 infec\u00e7\u00f5es mas s\u00f3 quer facetas, n\u00e3o \u00e9 o dentista desse paciente \u2013 \u00e9 o seu facilitador.<\/span><\/p><\/div><div class=\"article-main__content\" data-test-id=\"publishing-text-block\"><p><span class=\"font-[700]\">Os dentistas t\u00eam de voltar a pensar como m\u00e9dicos<\/span><span class=\"\">.<\/span><\/p><\/div><div class=\"article-main__content\" data-test-id=\"publishing-text-block\"><p><span class=\"\">Porque se n\u00e3o valorizarmos o que fazemos como profissionais de sa\u00fade, ningu\u00e9m mais o far\u00e1.<\/span><\/p><\/div><div class=\"article-main__content\" data-test-id=\"publishing-text-block\"><h3 data-test-id=\"pulse-publishing-h1\"><span class=\"\">Considera\u00e7\u00f5es finais<\/span><\/h3><\/div><div class=\"article-main__content\" data-test-id=\"publishing-text-block\"><p><span class=\"\">Se \u00e9 um dentista e est\u00e1 a ler isto e sente-se preso na rotina do trabalho \u2013 a atender 30 pacientes por dia, a apressar os procedimentos, a esgotar-se \u2013 pergunte-se a si pr\u00f3prio: <\/span><span class=\"italic\">foi para isto que me tornei m\u00e9dico?<\/span><\/p><\/div><div class=\"article-main__content\" data-test-id=\"publishing-text-block\"><p><span class=\"\">Se \u00e9 um paciente que est\u00e1 a ler isto e o seu dentista nunca lhe falou sobre a forma como a sua sa\u00fade dent\u00e1ria afecta a sua sa\u00fade geral, as vias respirat\u00f3rias, a mordida ou a necessidade de rever tratamentos dent\u00e1rios antigos e falhados \u2013 talvez esteja na altura de pedir uma <a href=\"https:\/\/miguelstanley.com\/pt-pt\/segunda-opiniao\/\">segunda opini\u00e3o<\/a>.<\/span><\/p><\/div><div class=\"article-main__content\" data-test-id=\"publishing-text-block\"><p><span class=\"\">A filosofia <\/span><span class=\"font-[700]\">No Half Smiles<\/span><span class=\"\"> pode n\u00e3o ser para toda a gente.<\/span><\/p><\/div><div class=\"article-main__content\" data-test-id=\"publishing-text-block\"><p><span class=\"\">Requer coragem. E, muitas vezes, \u00e9 preciso dizer n\u00e3o ao dinheiro hoje para proteger a sua integridade \u2013 e a sa\u00fade do seu paciente \u2013 amanh\u00e3. <\/span><\/p><\/div><div class=\"article-main__content\" data-test-id=\"publishing-text-block\"><p><span class=\"\">Mas prometo-lhe: vale a pena.<\/span><\/p><\/div><div class=\"article-main__content\" data-test-id=\"publishing-text-block\"><p><span class=\"\">Convido-o a partilhar as suas ideias.<\/span><\/p><\/div><div class=\"article-main__content\" data-test-id=\"publishing-text-block\"><p><span class=\"\">J\u00e1 implementou conceitos semelhantes na sua cl\u00ednica? <\/span><\/p><\/div><div class=\"article-main__content\" data-test-id=\"publishing-text-block\"><p><span class=\"\">O seu dentista j\u00e1 adoptou esta abordagem consigo?<\/span><\/p><\/div>\t\t\t\t\t\t\t\t<\/div>\n\t\t\t\t<\/div>\n\t\t\t\t<div class=\"elementor-element elementor-element-68e7450 blogpost-text elementor-widget elementor-widget-text-editor\" data-id=\"68e7450\" data-element_type=\"widget\" data-widget_type=\"text-editor.default\">\n\t\t\t\t<div class=\"elementor-widget-container\">\n\t\t\t\t\t\t\t\t\t<p><em>*Publicado originalmente no <a href=\"https:\/\/www.linkedin.com\/pulse\/half-smiles-why-dentistry-must-return-healthcare-miguel-stanley-xurzf\/?trackingId=%2Bm9bBf4Mhyx2Vt%2FEakEP5w%3D%3D\" target=\"_blank\" rel=\"noopener\">LinkedIn<\/a>.<\/em><\/p>\t\t\t\t\t\t\t\t<\/div>\n\t\t\t\t<\/div>\n\t\t\t\t<\/div>\n\t\t\t\t\t<\/div>\n\t\t\t\t<\/div>\n\t\t\t\t<\/div>\n\t\t","protected":false},"excerpt":{"rendered":"<p>Quando criei a frase &#8220;No Half Smiles&#8221; h\u00e1 quase 20 anos, n\u00e3o se tratava de facetas ou branqueamento &#8211; tratava-se de \u00e9tica.<\/p>\n","protected":false},"author":2,"featured_media":17254,"comment_status":"closed","ping_status":"closed","sticky":false,"template":"","format":"standard","meta":{"_acf_changed":false,"footnotes":""},"categories":[1739],"tags":[],"class_list":["post-17282","post","type-post","status-publish","format-standard","has-post-thumbnail","hentry","category-no-category"],"acf":[],"yoast_head":"<!-- This site is optimized with the Yoast SEO plugin v26.7 - https:\/\/yoast.com\/wordpress\/plugins\/seo\/ -->\n<title>No Half Smiles: Porque \u00e9 que a medicina dent\u00e1ria deve regressar aos cuidados de sa\u00fade - Miguel Stanley<\/title>\n<meta name=\"description\" content=\"Quando criei a frase &quot;No Half Smiles&quot; h\u00e1 quase 20 anos, n\u00e3o se tratava de facetas ou branqueamento - tratava-se de \u00e9tica.\" \/>\n<meta name=\"robots\" content=\"index, follow, max-snippet:-1, max-image-preview:large, max-video-preview:-1\" \/>\n<link rel=\"canonical\" href=\"https:\/\/miguelstanley.com\/pt-pt\/no-half-smiles-porque-e-que-a-medicina-dentaria-deve-regressar-aos-cuidados-de-saude\/\" \/>\n<meta property=\"og:locale\" content=\"pt_PT\" \/>\n<meta property=\"og:type\" content=\"article\" \/>\n<meta property=\"og:title\" content=\"No Half Smiles: Porque \u00e9 que a medicina dent\u00e1ria deve regressar aos cuidados de sa\u00fade - Miguel Stanley\" \/>\n<meta property=\"og:description\" content=\"Quando criei a frase &quot;No Half Smiles&quot; h\u00e1 quase 20 anos, n\u00e3o se tratava de facetas ou branqueamento - tratava-se de \u00e9tica.\" \/>\n<meta property=\"og:url\" content=\"https:\/\/miguelstanley.com\/pt-pt\/no-half-smiles-porque-e-que-a-medicina-dentaria-deve-regressar-aos-cuidados-de-saude\/\" \/>\n<meta property=\"og:site_name\" content=\"Miguel Stanley\" \/>\n<meta property=\"article:published_time\" content=\"2025-08-07T17:17:38+00:00\" \/>\n<meta property=\"article:modified_time\" content=\"2025-08-08T18:00:48+00:00\" \/>\n<meta property=\"og:image\" content=\"https:\/\/miguelstanley.com\/wp-content\/uploads\/2025\/08\/1753976773680.png\" \/>\n\t<meta property=\"og:image:width\" content=\"1024\" \/>\n\t<meta property=\"og:image:height\" content=\"576\" \/>\n\t<meta property=\"og:image:type\" content=\"image\/png\" \/>\n<meta name=\"author\" content=\"Miguel Stanley\" \/>\n<meta name=\"twitter:card\" content=\"summary_large_image\" \/>\n<meta name=\"twitter:label1\" content=\"Escrito por\" \/>\n\t<meta name=\"twitter:data1\" content=\"Miguel Stanley\" \/>\n\t<meta name=\"twitter:label2\" content=\"Tempo estimado de leitura\" \/>\n\t<meta name=\"twitter:data2\" content=\"7 minutos\" \/>\n<script type=\"application\/ld+json\" class=\"yoast-schema-graph\">{\"@context\":\"https:\/\/schema.org\",\"@graph\":[{\"@type\":\"Article\",\"@id\":\"https:\/\/miguelstanley.com\/pt-pt\/no-half-smiles-porque-e-que-a-medicina-dentaria-deve-regressar-aos-cuidados-de-saude\/#article\",\"isPartOf\":{\"@id\":\"https:\/\/miguelstanley.com\/pt-pt\/no-half-smiles-porque-e-que-a-medicina-dentaria-deve-regressar-aos-cuidados-de-saude\/\"},\"author\":{\"name\":\"Miguel Stanley\",\"@id\":\"https:\/\/miguelstanley.com\/pt-pt\/#\/schema\/person\/dbcf61eb7c831f376cfe192ddea50b45\"},\"headline\":\"No Half Smiles: Porque \u00e9 que a medicina dent\u00e1ria deve regressar aos cuidados de sa\u00fade\",\"datePublished\":\"2025-08-07T17:17:38+00:00\",\"dateModified\":\"2025-08-08T18:00:48+00:00\",\"mainEntityOfPage\":{\"@id\":\"https:\/\/miguelstanley.com\/pt-pt\/no-half-smiles-porque-e-que-a-medicina-dentaria-deve-regressar-aos-cuidados-de-saude\/\"},\"wordCount\":1332,\"image\":{\"@id\":\"https:\/\/miguelstanley.com\/pt-pt\/no-half-smiles-porque-e-que-a-medicina-dentaria-deve-regressar-aos-cuidados-de-saude\/#primaryimage\"},\"thumbnailUrl\":\"https:\/\/miguelstanley.com\/wp-content\/uploads\/2025\/08\/1753976773680.png\",\"articleSection\":[\"No Category\"],\"inLanguage\":\"pt-PT\"},{\"@type\":\"WebPage\",\"@id\":\"https:\/\/miguelstanley.com\/pt-pt\/no-half-smiles-porque-e-que-a-medicina-dentaria-deve-regressar-aos-cuidados-de-saude\/\",\"url\":\"https:\/\/miguelstanley.com\/pt-pt\/no-half-smiles-porque-e-que-a-medicina-dentaria-deve-regressar-aos-cuidados-de-saude\/\",\"name\":\"No Half Smiles: Porque \u00e9 que a medicina dent\u00e1ria deve regressar aos cuidados de sa\u00fade - Miguel Stanley\",\"isPartOf\":{\"@id\":\"https:\/\/miguelstanley.com\/pt-pt\/#website\"},\"primaryImageOfPage\":{\"@id\":\"https:\/\/miguelstanley.com\/pt-pt\/no-half-smiles-porque-e-que-a-medicina-dentaria-deve-regressar-aos-cuidados-de-saude\/#primaryimage\"},\"image\":{\"@id\":\"https:\/\/miguelstanley.com\/pt-pt\/no-half-smiles-porque-e-que-a-medicina-dentaria-deve-regressar-aos-cuidados-de-saude\/#primaryimage\"},\"thumbnailUrl\":\"https:\/\/miguelstanley.com\/wp-content\/uploads\/2025\/08\/1753976773680.png\",\"datePublished\":\"2025-08-07T17:17:38+00:00\",\"dateModified\":\"2025-08-08T18:00:48+00:00\",\"author\":{\"@id\":\"https:\/\/miguelstanley.com\/pt-pt\/#\/schema\/person\/dbcf61eb7c831f376cfe192ddea50b45\"},\"description\":\"Quando criei a frase \\\"No Half Smiles\\\" h\u00e1 quase 20 anos, n\u00e3o se tratava de facetas ou branqueamento - tratava-se de \u00e9tica.\",\"breadcrumb\":{\"@id\":\"https:\/\/miguelstanley.com\/pt-pt\/no-half-smiles-porque-e-que-a-medicina-dentaria-deve-regressar-aos-cuidados-de-saude\/#breadcrumb\"},\"inLanguage\":\"pt-PT\",\"potentialAction\":[{\"@type\":\"ReadAction\",\"target\":[\"https:\/\/miguelstanley.com\/pt-pt\/no-half-smiles-porque-e-que-a-medicina-dentaria-deve-regressar-aos-cuidados-de-saude\/\"]}]},{\"@type\":\"ImageObject\",\"inLanguage\":\"pt-PT\",\"@id\":\"https:\/\/miguelstanley.com\/pt-pt\/no-half-smiles-porque-e-que-a-medicina-dentaria-deve-regressar-aos-cuidados-de-saude\/#primaryimage\",\"url\":\"https:\/\/miguelstanley.com\/wp-content\/uploads\/2025\/08\/1753976773680.png\",\"contentUrl\":\"https:\/\/miguelstanley.com\/wp-content\/uploads\/2025\/08\/1753976773680.png\",\"width\":1024,\"height\":576},{\"@type\":\"BreadcrumbList\",\"@id\":\"https:\/\/miguelstanley.com\/pt-pt\/no-half-smiles-porque-e-que-a-medicina-dentaria-deve-regressar-aos-cuidados-de-saude\/#breadcrumb\",\"itemListElement\":[{\"@type\":\"ListItem\",\"position\":1,\"name\":\"Home\",\"item\":\"https:\/\/miguelstanley.com\/pt-pt\/\"},{\"@type\":\"ListItem\",\"position\":2,\"name\":\"No Half Smiles: Porque \u00e9 que a medicina dent\u00e1ria deve regressar aos cuidados de sa\u00fade\"}]},{\"@type\":\"WebSite\",\"@id\":\"https:\/\/miguelstanley.com\/pt-pt\/#website\",\"url\":\"https:\/\/miguelstanley.com\/pt-pt\/\",\"name\":\"Miguel Stanley\",\"description\":\"Let me light your smile. Founder and dentist White Clinic. International speaker Be part of a bigger game, Slow Dentistry\u00ae and No Half Smiles\u00ae. Nat Geo host.\",\"potentialAction\":[{\"@type\":\"SearchAction\",\"target\":{\"@type\":\"EntryPoint\",\"urlTemplate\":\"https:\/\/miguelstanley.com\/pt-pt\/?s={search_term_string}\"},\"query-input\":{\"@type\":\"PropertyValueSpecification\",\"valueRequired\":true,\"valueName\":\"search_term_string\"}}],\"inLanguage\":\"pt-PT\"},{\"@type\":\"Person\",\"@id\":\"https:\/\/miguelstanley.com\/pt-pt\/#\/schema\/person\/dbcf61eb7c831f376cfe192ddea50b45\",\"name\":\"Miguel Stanley\",\"image\":{\"@type\":\"ImageObject\",\"inLanguage\":\"pt-PT\",\"@id\":\"https:\/\/miguelstanley.com\/pt-pt\/#\/schema\/person\/image\/\",\"url\":\"https:\/\/miguelstanley.com\/wp-content\/uploads\/2023\/06\/MS-profile-picture-180x180.jpg\",\"contentUrl\":\"https:\/\/miguelstanley.com\/wp-content\/uploads\/2023\/06\/MS-profile-picture-180x180.jpg\",\"caption\":\"Miguel Stanley\"},\"url\":\"https:\/\/miguelstanley.com\/pt-pt\/author\/miguelstanley\/\"}]}<\/script>\n<!-- \/ Yoast SEO plugin. -->","yoast_head_json":{"title":"No Half Smiles: Porque \u00e9 que a medicina dent\u00e1ria deve regressar aos cuidados de sa\u00fade - Miguel Stanley","description":"Quando criei a frase \"No Half Smiles\" h\u00e1 quase 20 anos, n\u00e3o se tratava de facetas ou branqueamento - tratava-se de \u00e9tica.","robots":{"index":"index","follow":"follow","max-snippet":"max-snippet:-1","max-image-preview":"max-image-preview:large","max-video-preview":"max-video-preview:-1"},"canonical":"https:\/\/miguelstanley.com\/pt-pt\/no-half-smiles-porque-e-que-a-medicina-dentaria-deve-regressar-aos-cuidados-de-saude\/","og_locale":"pt_PT","og_type":"article","og_title":"No Half Smiles: Porque \u00e9 que a medicina dent\u00e1ria deve regressar aos cuidados de sa\u00fade - Miguel Stanley","og_description":"Quando criei a frase \"No Half Smiles\" h\u00e1 quase 20 anos, n\u00e3o se tratava de facetas ou branqueamento - tratava-se de \u00e9tica.","og_url":"https:\/\/miguelstanley.com\/pt-pt\/no-half-smiles-porque-e-que-a-medicina-dentaria-deve-regressar-aos-cuidados-de-saude\/","og_site_name":"Miguel Stanley","article_published_time":"2025-08-07T17:17:38+00:00","article_modified_time":"2025-08-08T18:00:48+00:00","og_image":[{"width":1024,"height":576,"url":"https:\/\/miguelstanley.com\/wp-content\/uploads\/2025\/08\/1753976773680.png","type":"image\/png"}],"author":"Miguel Stanley","twitter_card":"summary_large_image","twitter_misc":{"Escrito por":"Miguel Stanley","Tempo estimado de leitura":"7 minutos"},"schema":{"@context":"https:\/\/schema.org","@graph":[{"@type":"Article","@id":"https:\/\/miguelstanley.com\/pt-pt\/no-half-smiles-porque-e-que-a-medicina-dentaria-deve-regressar-aos-cuidados-de-saude\/#article","isPartOf":{"@id":"https:\/\/miguelstanley.com\/pt-pt\/no-half-smiles-porque-e-que-a-medicina-dentaria-deve-regressar-aos-cuidados-de-saude\/"},"author":{"name":"Miguel Stanley","@id":"https:\/\/miguelstanley.com\/pt-pt\/#\/schema\/person\/dbcf61eb7c831f376cfe192ddea50b45"},"headline":"No Half Smiles: Porque \u00e9 que a medicina dent\u00e1ria deve regressar aos cuidados de sa\u00fade","datePublished":"2025-08-07T17:17:38+00:00","dateModified":"2025-08-08T18:00:48+00:00","mainEntityOfPage":{"@id":"https:\/\/miguelstanley.com\/pt-pt\/no-half-smiles-porque-e-que-a-medicina-dentaria-deve-regressar-aos-cuidados-de-saude\/"},"wordCount":1332,"image":{"@id":"https:\/\/miguelstanley.com\/pt-pt\/no-half-smiles-porque-e-que-a-medicina-dentaria-deve-regressar-aos-cuidados-de-saude\/#primaryimage"},"thumbnailUrl":"https:\/\/miguelstanley.com\/wp-content\/uploads\/2025\/08\/1753976773680.png","articleSection":["No Category"],"inLanguage":"pt-PT"},{"@type":"WebPage","@id":"https:\/\/miguelstanley.com\/pt-pt\/no-half-smiles-porque-e-que-a-medicina-dentaria-deve-regressar-aos-cuidados-de-saude\/","url":"https:\/\/miguelstanley.com\/pt-pt\/no-half-smiles-porque-e-que-a-medicina-dentaria-deve-regressar-aos-cuidados-de-saude\/","name":"No Half Smiles: Porque \u00e9 que a medicina dent\u00e1ria deve regressar aos cuidados de sa\u00fade - Miguel Stanley","isPartOf":{"@id":"https:\/\/miguelstanley.com\/pt-pt\/#website"},"primaryImageOfPage":{"@id":"https:\/\/miguelstanley.com\/pt-pt\/no-half-smiles-porque-e-que-a-medicina-dentaria-deve-regressar-aos-cuidados-de-saude\/#primaryimage"},"image":{"@id":"https:\/\/miguelstanley.com\/pt-pt\/no-half-smiles-porque-e-que-a-medicina-dentaria-deve-regressar-aos-cuidados-de-saude\/#primaryimage"},"thumbnailUrl":"https:\/\/miguelstanley.com\/wp-content\/uploads\/2025\/08\/1753976773680.png","datePublished":"2025-08-07T17:17:38+00:00","dateModified":"2025-08-08T18:00:48+00:00","author":{"@id":"https:\/\/miguelstanley.com\/pt-pt\/#\/schema\/person\/dbcf61eb7c831f376cfe192ddea50b45"},"description":"Quando criei a frase \"No Half Smiles\" h\u00e1 quase 20 anos, n\u00e3o se tratava de facetas ou branqueamento - tratava-se de \u00e9tica.","breadcrumb":{"@id":"https:\/\/miguelstanley.com\/pt-pt\/no-half-smiles-porque-e-que-a-medicina-dentaria-deve-regressar-aos-cuidados-de-saude\/#breadcrumb"},"inLanguage":"pt-PT","potentialAction":[{"@type":"ReadAction","target":["https:\/\/miguelstanley.com\/pt-pt\/no-half-smiles-porque-e-que-a-medicina-dentaria-deve-regressar-aos-cuidados-de-saude\/"]}]},{"@type":"ImageObject","inLanguage":"pt-PT","@id":"https:\/\/miguelstanley.com\/pt-pt\/no-half-smiles-porque-e-que-a-medicina-dentaria-deve-regressar-aos-cuidados-de-saude\/#primaryimage","url":"https:\/\/miguelstanley.com\/wp-content\/uploads\/2025\/08\/1753976773680.png","contentUrl":"https:\/\/miguelstanley.com\/wp-content\/uploads\/2025\/08\/1753976773680.png","width":1024,"height":576},{"@type":"BreadcrumbList","@id":"https:\/\/miguelstanley.com\/pt-pt\/no-half-smiles-porque-e-que-a-medicina-dentaria-deve-regressar-aos-cuidados-de-saude\/#breadcrumb","itemListElement":[{"@type":"ListItem","position":1,"name":"Home","item":"https:\/\/miguelstanley.com\/pt-pt\/"},{"@type":"ListItem","position":2,"name":"No Half Smiles: Porque \u00e9 que a medicina dent\u00e1ria deve regressar aos cuidados de sa\u00fade"}]},{"@type":"WebSite","@id":"https:\/\/miguelstanley.com\/pt-pt\/#website","url":"https:\/\/miguelstanley.com\/pt-pt\/","name":"Miguel Stanley","description":"Let me light your smile. Founder and dentist White Clinic. International speaker Be part of a bigger game, Slow Dentistry\u00ae and No Half Smiles\u00ae. Nat Geo host.","potentialAction":[{"@type":"SearchAction","target":{"@type":"EntryPoint","urlTemplate":"https:\/\/miguelstanley.com\/pt-pt\/?s={search_term_string}"},"query-input":{"@type":"PropertyValueSpecification","valueRequired":true,"valueName":"search_term_string"}}],"inLanguage":"pt-PT"},{"@type":"Person","@id":"https:\/\/miguelstanley.com\/pt-pt\/#\/schema\/person\/dbcf61eb7c831f376cfe192ddea50b45","name":"Miguel Stanley","image":{"@type":"ImageObject","inLanguage":"pt-PT","@id":"https:\/\/miguelstanley.com\/pt-pt\/#\/schema\/person\/image\/","url":"https:\/\/miguelstanley.com\/wp-content\/uploads\/2023\/06\/MS-profile-picture-180x180.jpg","contentUrl":"https:\/\/miguelstanley.com\/wp-content\/uploads\/2023\/06\/MS-profile-picture-180x180.jpg","caption":"Miguel Stanley"},"url":"https:\/\/miguelstanley.com\/pt-pt\/author\/miguelstanley\/"}]}},"_links":{"self":[{"href":"https:\/\/miguelstanley.com\/pt-pt\/wp-json\/wp\/v2\/posts\/17282","targetHints":{"allow":["GET"]}}],"collection":[{"href":"https:\/\/miguelstanley.com\/pt-pt\/wp-json\/wp\/v2\/posts"}],"about":[{"href":"https:\/\/miguelstanley.com\/pt-pt\/wp-json\/wp\/v2\/types\/post"}],"author":[{"embeddable":true,"href":"https:\/\/miguelstanley.com\/pt-pt\/wp-json\/wp\/v2\/users\/2"}],"replies":[{"embeddable":true,"href":"https:\/\/miguelstanley.com\/pt-pt\/wp-json\/wp\/v2\/comments?post=17282"}],"version-history":[{"count":0,"href":"https:\/\/miguelstanley.com\/pt-pt\/wp-json\/wp\/v2\/posts\/17282\/revisions"}],"wp:featuredmedia":[{"embeddable":true,"href":"https:\/\/miguelstanley.com\/pt-pt\/wp-json\/wp\/v2\/media\/17254"}],"wp:attachment":[{"href":"https:\/\/miguelstanley.com\/pt-pt\/wp-json\/wp\/v2\/media?parent=17282"}],"wp:term":[{"taxonomy":"category","embeddable":true,"href":"https:\/\/miguelstanley.com\/pt-pt\/wp-json\/wp\/v2\/categories?post=17282"},{"taxonomy":"post_tag","embeddable":true,"href":"https:\/\/miguelstanley.com\/pt-pt\/wp-json\/wp\/v2\/tags?post=17282"}],"curies":[{"name":"wp","href":"https:\/\/api.w.org\/{rel}","templated":true}]}}